{"id":1813,"date":"2025-02-03T17:02:28","date_gmt":"2025-02-03T17:02:28","guid":{"rendered":"\/?p=1813"},"modified":"2025-10-17T13:00:15","modified_gmt":"2025-10-17T13:00:15","slug":"como-saber-se-tenho-humidade-capilar","status":"publish","type":"post","link":"https:\/\/humifin.es\/pt\/blogue\/como-saber-se-tenho-humidade-capilar\/","title":{"rendered":"Como posso saber se tenho humidade ascendente na minha casa?"},"content":{"rendered":"<div data-elementor-type=\"wp-post\" data-elementor-id=\"1813\" class=\"elementor elementor-1813\" data-elementor-post-type=\"post\">\n\t\t\t\t<div class=\"elementor-element elementor-element-b8344d6 e-con-full e-flex wpr-particle-no wpr-jarallax-no wpr-parallax-no wpr-sticky-section-no e-con e-parent\" data-id=\"b8344d6\" data-element_type=\"container\" data-settings=\"{&quot;background_background&quot;:&quot;classic&quot;}\">\n\t\t<div class=\"elementor-element elementor-element-5d49b6b e-con-full e-flex wpr-particle-no wpr-jarallax-no wpr-parallax-no wpr-sticky-section-no e-con e-child\" data-id=\"5d49b6b\" data-element_type=\"container\">\n\t\t\t\t<div class=\"elementor-element elementor-element-7d1dffb elementor-widget elementor-widget-heading\" data-id=\"7d1dffb\" data-element_type=\"widget\" data-widget_type=\"heading.default\">\n\t\t\t\t<div class=\"elementor-widget-container\">\n\t\t\t\t\t<h2 class=\"elementor-heading-title elementor-size-default\">Como posso saber se tenho humidade ascendente na minha casa?<\/h2>\t\t\t\t<\/div>\n\t\t\t\t<\/div>\n\t\t\t\t<\/div>\n\t\t\t\t<\/div>\n\t\t\t\t<section class=\"elementor-section elementor-top-section elementor-element elementor-element-107c260a elementor-section-boxed elementor-section-height-default elementor-section-height-default wpr-particle-no wpr-jarallax-no wpr-parallax-no wpr-sticky-section-no\" data-id=\"107c260a\" data-element_type=\"section\">\n\t\t\t\t\t\t<div class=\"elementor-container elementor-column-gap-default\">\n\t\t\t\t\t<div class=\"elementor-column elementor-col-50 elementor-top-column elementor-element elementor-element-33bf15f2\" data-id=\"33bf15f2\" data-element_type=\"column\">\n\t\t\t<div class=\"elementor-widget-wrap elementor-element-populated\">\n\t\t\t\t\t\t<div class=\"elementor-element elementor-element-18fac2a0 elementor-widget elementor-widget-heading\" data-id=\"18fac2a0\" data-element_type=\"widget\" data-widget_type=\"heading.default\">\n\t\t\t\t<div class=\"elementor-widget-container\">\n\t\t\t\t\t<h2 class=\"elementor-heading-title elementor-size-default\">Detetar os sinais antes que seja tarde demais\n\n<\/h2>\t\t\t\t<\/div>\n\t\t\t\t<\/div>\n\t\t\t\t<div class=\"elementor-element elementor-element-485b413f elementor-widget-divider--view-line elementor-widget elementor-widget-divider\" data-id=\"485b413f\" data-element_type=\"widget\" data-widget_type=\"divider.default\">\n\t\t\t\t<div class=\"elementor-widget-container\">\n\t\t\t\t\t\t\t<div class=\"elementor-divider\">\n\t\t\t<span class=\"elementor-divider-separator\">\n\t\t\t\t\t\t<\/span>\n\t\t<\/div>\n\t\t\t\t\t\t<\/div>\n\t\t\t\t<\/div>\n\t\t\t\t<div class=\"elementor-element elementor-element-72057222 elementor-widget elementor-widget-text-editor\" data-id=\"72057222\" data-element_type=\"widget\" data-widget_type=\"text-editor.default\">\n\t\t\t\t<div class=\"elementor-widget-container\">\n\t\t\t\t\t\t\t\t\t<p>O <a href=\"https:\/\/humifin.es\/pt\/humidade-na-casa\/\"><strong>humidade na casa<\/strong><\/a> podem surgir por uma variedade de raz\u00f5es, desde fugas no telhado a problemas de canaliza\u00e7\u00e3o. No entanto, se come\u00e7ar a notar <a href=\"https:\/\/humifin.es\/pt\/humidade-nas-paredes\/\"><strong>manchas na parte inferior das paredes<\/strong><\/a>, <strong>pintura a descascar sem raz\u00e3o aparente<\/strong> ou mesmo um <strong>mais frio e h\u00famido do que o normal<\/strong>, pode estar perante um caso de <strong>humidade ascendente<\/strong>.<\/p><p>Este problema \u00e9 comum em edif\u00edcios mais antigos e em habita\u00e7\u00f5es constru\u00eddas em <strong>terrenos com elevada presen\u00e7a de \u00e1gua<\/strong>, onde a humidade do solo sobe lentamente atrav\u00e9s das paredes devido \u00e0 <strong>aus\u00eancia de uma barreira de impermeabiliza\u00e7\u00e3o adequada<\/strong>. Com o tempo, esta humidade deteriora os materiais de constru\u00e7\u00e3o, afectando tanto a est\u00e9tica como a estrutura da casa.<\/p><p>Detetar a tempo este tipo de humidade \u00e9 fundamental para evitar danos maiores. \u00c9 por isso que, a seguir, explicamos <strong>como identificar a humidade ascendente nas paredes<\/strong> e que solu\u00e7\u00f5es existem para o eliminar definitivamente.<\/p>\t\t\t\t\t\t\t\t<\/div>\n\t\t\t\t<\/div>\n\t\t\t\t\t<\/div>\n\t\t<\/div>\n\t\t\t\t<div class=\"elementor-column elementor-col-50 elementor-top-column elementor-element elementor-element-24dc615b\" data-id=\"24dc615b\" data-element_type=\"column\">\n\t\t\t<div class=\"elementor-widget-wrap elementor-element-populated\">\n\t\t\t\t\t\t<div class=\"elementor-element elementor-element-39a1e5e5 elementor-widget elementor-widget-image\" data-id=\"39a1e5e5\" data-element_type=\"widget\" data-widget_type=\"image.default\">\n\t\t\t\t<div class=\"elementor-widget-container\">\n\t\t\t\t\t\t\t\t\t\t\t\t\t\t\t<img fetchpriority=\"high\" decoding=\"async\" width=\"1024\" height=\"1024\" src=\"https:\/\/humifin.es\/wp-content\/uploads\/2025\/01\/Casa-con-Humedad-Patio.webp\" class=\"attachment-large size-large wp-image-1466\" alt=\"\" srcset=\"https:\/\/humifin.es\/wp-content\/uploads\/2025\/01\/Casa-con-Humedad-Patio.webp 1024w, https:\/\/humifin.es\/wp-content\/uploads\/2025\/01\/Casa-con-Humedad-Patio-300x300.webp 300w, https:\/\/humifin.es\/wp-content\/uploads\/2025\/01\/Casa-con-Humedad-Patio-100x100.webp 100w, https:\/\/humifin.es\/wp-content\/uploads\/2025\/01\/Casa-con-Humedad-Patio-600x600.webp 600w, https:\/\/humifin.es\/wp-content\/uploads\/2025\/01\/Casa-con-Humedad-Patio-150x150.webp 150w, https:\/\/humifin.es\/wp-content\/uploads\/2025\/01\/Casa-con-Humedad-Patio-768x768.webp 768w\" sizes=\"(max-width: 1024px) 100vw, 1024px\" \/>\t\t\t\t\t\t\t\t\t\t\t\t\t\t\t<\/div>\n\t\t\t\t<\/div>\n\t\t\t\t\t<\/div>\n\t\t<\/div>\n\t\t\t\t\t<\/div>\n\t\t<\/section>\n\t\t\t\t<section class=\"elementor-section elementor-top-section elementor-element elementor-element-5c94ccce elementor-section-boxed elementor-section-height-default elementor-section-height-default wpr-particle-no wpr-jarallax-no wpr-parallax-no wpr-sticky-section-no\" data-id=\"5c94ccce\" data-element_type=\"section\">\n\t\t\t\t\t\t<div class=\"elementor-container elementor-column-gap-wide\">\n\t\t\t\t\t<div class=\"elementor-column elementor-col-50 elementor-top-column elementor-element elementor-element-1c203ddf\" data-id=\"1c203ddf\" data-element_type=\"column\">\n\t\t\t<div class=\"elementor-widget-wrap elementor-element-populated\">\n\t\t\t\t\t\t<div class=\"elementor-element elementor-element-66b7c882 wpr-promo-box-style-cover elementor-widget elementor-widget-wpr-promo-box\" data-id=\"66b7c882\" data-element_type=\"widget\" data-widget_type=\"wpr-promo-box.default\">\n\t\t\t\t<div class=\"elementor-widget-container\">\n\t\t\t\t\t\n\t\t<div class=\"wpr-promo-box wpr-animation-wrap\">\n\n\t\t\t\t\t\t\t\n\t\t\t\t\t\t\t<div class=\"wpr-promo-box-image\">\n\t\t\t\t\t<div class=\"wpr-promo-box-bg-image wpr-bg-anim-zoom-in wpr-anim-timing-ease-default\" style=\"background-image:url(https:\/\/humifin.es\/wp-content\/uploads\/2025\/01\/Humedad-por-Capilaridad-Salon.webp);\"><\/div>\n\t\t\t\t\t<div class=\"wpr-promo-box-bg-overlay wpr-border-anim-oscar\"><\/div>\n\t\t\t\t<\/div>\n\t\t\t\t\t\t\n\t\t\t<div class=\"wpr-promo-box-content\">\n\n\t\t\t\t\t\t\t\t<div class=\"wpr-promo-box-icon\">\n\t\t\t\t\t\t\t\t\t<\/div>\n\t\t\t\t\n\t\t\t\t<h3 class=\"wpr-promo-box-title\"><span>O que \u00e9 a ascens\u00e3o capilar e porque ocorre?<\/span><\/h3>\n\t\t\t\t\t\t\t\t\t<div class=\"wpr-promo-box-description\">\n\t\t\t\t\t\t<p><p data-pm-slice=\"1 1 []\"><a href=\"https:\/\/humifin.es\/pt\/humidade-capilar\/\">Humidade ascendente<\/a> ocorre quando a \u00e1gua do subsolo sobe pelas paredes atrav\u00e9s dos poros dos materiais de constru\u00e7\u00e3o, como o tijolo ou o bet\u00e3o. Isto acontece porque as paredes n\u00e3o t\u00eam uma barreira de impermeabiliza\u00e7\u00e3o eficaz, permitindo que a \u00e1gua suba e se acumule nas superf\u00edcies.<\/p><p>\u00c9 um problema comum em pisos t\u00e9rreos, caves ou edif\u00edcios com funda\u00e7\u00f5es em contacto direto com solo h\u00famido. Embora possa demorar anos a tornar-se visivelmente aparente, uma vez que os primeiros sinais apare\u00e7am, a humidade n\u00e3o desaparece por si s\u00f3 e pode levar a danos estruturais se n\u00e3o for tratada a tempo.<\/p><\/p>\t\n\t\t\t\t\t<\/div>\t\t\t\t\t\t\n\t\t\t\t\n\t\t\t\t\t\t\t<\/div>\n\n\t\t\t\t\t<\/div>\n\n\t\t\t\t\t\t<\/div>\n\t\t\t\t<\/div>\n\t\t\t\t\t<\/div>\n\t\t<\/div>\n\t\t\t\t<div class=\"elementor-column elementor-col-50 elementor-top-column elementor-element elementor-element-45735b8a\" data-id=\"45735b8a\" data-element_type=\"column\">\n\t\t\t<div class=\"elementor-widget-wrap elementor-element-populated\">\n\t\t\t\t\t\t<div class=\"elementor-element elementor-element-f80ea6d elementor-widget elementor-widget-heading\" data-id=\"f80ea6d\" data-element_type=\"widget\" data-widget_type=\"heading.default\">\n\t\t\t\t<div class=\"elementor-widget-container\">\n\t\t\t\t\t<h5 class=\"elementor-heading-title elementor-size-default\">Como se pode reconhecer a ascens\u00e3o capilar?<\/h5>\t\t\t\t<\/div>\n\t\t\t\t<\/div>\n\t\t\t\t<div class=\"elementor-element elementor-element-533b3d4a elementor-widget-divider--view-line elementor-widget elementor-widget-divider\" data-id=\"533b3d4a\" data-element_type=\"widget\" data-widget_type=\"divider.default\">\n\t\t\t\t<div class=\"elementor-widget-container\">\n\t\t\t\t\t\t\t<div class=\"elementor-divider\">\n\t\t\t<span class=\"elementor-divider-separator\">\n\t\t\t\t\t\t<\/span>\n\t\t<\/div>\n\t\t\t\t\t\t<\/div>\n\t\t\t\t<\/div>\n\t\t\t\t<div class=\"elementor-element elementor-element-55e23af elementor-widget elementor-widget-text-editor\" data-id=\"55e23af\" data-element_type=\"widget\" data-widget_type=\"text-editor.default\">\n\t\t\t\t<div class=\"elementor-widget-container\">\n\t\t\t\t\t\t\t\t\t<p>Se notar altera\u00e7\u00f5es no aspeto ou no ambiente da sua casa, pode estar a lidar com um problema de <a href=\"https:\/\/humifin.es\/pt\/humidade-capilar\/\">humidade ascendente<\/a>. Eis alguns dos sinais mais comuns:<\/p>\t\t\t\t\t\t\t\t<\/div>\n\t\t\t\t<\/div>\n\t\t\t\t<div class=\"elementor-element elementor-element-19c80c54 elementor-icon-list--layout-traditional elementor-list-item-link-full_width elementor-widget elementor-widget-icon-list\" data-id=\"19c80c54\" data-element_type=\"widget\" data-widget_type=\"icon-list.default\">\n\t\t\t\t<div class=\"elementor-widget-container\">\n\t\t\t\t\t\t\t<ul class=\"elementor-icon-list-items\">\n\t\t\t\t\t\t\t<li class=\"elementor-icon-list-item\">\n\t\t\t\t\t\t\t\t\t\t\t<span class=\"elementor-icon-list-icon\">\n\t\t\t\t\t\t\t<svg aria-hidden=\"true\" class=\"e-font-icon-svg e-fas-check\" viewbox=\"0 0 512 512\" xmlns=\"http:\/\/www.w3.org\/2000\/svg\"><path d=\"M173.898 439.404l-166.4-166.4c-9.997-9.997-9.997-26.206 0-36.204l36.203-36.204c9.997-9.998 26.207-9.998 36.204 0L192 312.69 432.095 72.596c9.997-9.997 26.207-9.997 36.204 0l36.203 36.204c9.997 9.997 9.997 26.206 0 36.204l-294.4 294.401c-9.998 9.997-26.207 9.997-36.204-.001z\"><\/path><\/svg>\t\t\t\t\t\t<\/span>\n\t\t\t\t\t\t\t\t\t\t<span class=\"elementor-icon-list-text\"><strong>Manchas na parte inferior das paredes: <\/strong>Zonas escurecidas ou amareladas, com pintura ou reboco a descascar.<\/span>\n\t\t\t\t\t\t\t\t\t<\/li>\n\t\t\t\t\t\t\t\t<li class=\"elementor-icon-list-item\">\n\t\t\t\t\t\t\t\t\t\t\t<span class=\"elementor-icon-list-icon\">\n\t\t\t\t\t\t\t<svg aria-hidden=\"true\" class=\"e-font-icon-svg e-fas-check\" viewbox=\"0 0 512 512\" xmlns=\"http:\/\/www.w3.org\/2000\/svg\"><path d=\"M173.898 439.404l-166.4-166.4c-9.997-9.997-9.997-26.206 0-36.204l36.203-36.204c9.997-9.998 26.207-9.998 36.204 0L192 312.69 432.095 72.596c9.997-9.997 26.207-9.997 36.204 0l36.203 36.204c9.997 9.997 9.997 26.206 0 36.204l-294.4 294.401c-9.998 9.997-26.207 9.997-36.204-.001z\"><\/path><\/svg>\t\t\t\t\t\t<\/span>\n\t\t\t\t\t\t\t\t\t\t<span class=\"elementor-icon-list-text\"><strong>Res\u00edduos esbranqui\u00e7ados (efloresc\u00eancias):<\/strong> Dep\u00f3sitos de sais minerais deixados \u00e0 superf\u00edcie ap\u00f3s a evapora\u00e7\u00e3o da \u00e1gua.<\/span>\n\t\t\t\t\t\t\t\t\t<\/li>\n\t\t\t\t\t\t\t\t<li class=\"elementor-icon-list-item\">\n\t\t\t\t\t\t\t\t\t\t\t<span class=\"elementor-icon-list-icon\">\n\t\t\t\t\t\t\t<svg aria-hidden=\"true\" class=\"e-font-icon-svg e-fas-check\" viewbox=\"0 0 512 512\" xmlns=\"http:\/\/www.w3.org\/2000\/svg\"><path d=\"M173.898 439.404l-166.4-166.4c-9.997-9.997-9.997-26.206 0-36.204l36.203-36.204c9.997-9.998 26.207-9.998 36.204 0L192 312.69 432.095 72.596c9.997-9.997 26.207-9.997 36.204 0l36.203 36.204c9.997 9.997 9.997 26.206 0 36.204l-294.4 294.401c-9.998 9.997-26.207 9.997-36.204-.001z\"><\/path><\/svg>\t\t\t\t\t\t<\/span>\n\t\t\t\t\t\t\t\t\t\t<span class=\"elementor-icon-list-text\"><strong>Ambiente frio e h\u00famido: <\/strong>Sensa\u00e7\u00e3o t\u00e9rmica inferior ao normal devido \u00e0 perda de isolamento nas paredes.<\/span>\n\t\t\t\t\t\t\t\t\t<\/li>\n\t\t\t\t\t\t\t\t<li class=\"elementor-icon-list-item\">\n\t\t\t\t\t\t\t\t\t\t\t<span class=\"elementor-icon-list-icon\">\n\t\t\t\t\t\t\t<svg aria-hidden=\"true\" class=\"e-font-icon-svg e-fas-check\" viewbox=\"0 0 512 512\" xmlns=\"http:\/\/www.w3.org\/2000\/svg\"><path d=\"M173.898 439.404l-166.4-166.4c-9.997-9.997-9.997-26.206 0-36.204l36.203-36.204c9.997-9.998 26.207-9.998 36.204 0L192 312.69 432.095 72.596c9.997-9.997 26.207-9.997 36.204 0l36.203 36.204c9.997 9.997 9.997 26.206 0 36.204l-294.4 294.401c-9.998 9.997-26.207 9.997-36.204-.001z\"><\/path><\/svg>\t\t\t\t\t\t<\/span>\n\t\t\t\t\t\t\t\t\t\t<span class=\"elementor-icon-list-text\"><strong>M\u00f3veis ou rodap\u00e9s danificados: <\/strong>A madeira junto \u00e0s paredes afectadas pode inchar ou deformar-se.<\/span>\n\t\t\t\t\t\t\t\t\t<\/li>\n\t\t\t\t\t\t\t\t<li class=\"elementor-icon-list-item\">\n\t\t\t\t\t\t\t\t\t\t\t<span class=\"elementor-icon-list-icon\">\n\t\t\t\t\t\t\t<svg aria-hidden=\"true\" class=\"e-font-icon-svg e-fas-check\" viewbox=\"0 0 512 512\" xmlns=\"http:\/\/www.w3.org\/2000\/svg\"><path d=\"M173.898 439.404l-166.4-166.4c-9.997-9.997-9.997-26.206 0-36.204l36.203-36.204c9.997-9.998 26.207-9.998 36.204 0L192 312.69 432.095 72.596c9.997-9.997 26.207-9.997 36.204 0l36.203 36.204c9.997 9.997 9.997 26.206 0 36.204l-294.4 294.401c-9.998 9.997-26.207 9.997-36.204-.001z\"><\/path><\/svg>\t\t\t\t\t\t<\/span>\n\t\t\t\t\t\t\t\t\t\t<span class=\"elementor-icon-list-text\"><strong>Cheiro a mofo e presen\u00e7a de bolor: <\/strong>Quartos carregados de um odor carater\u00edstico e poss\u00edveis manchas de bolor nas paredes.<\/span>\n\t\t\t\t\t\t\t\t\t<\/li>\n\t\t\t\t\t\t<\/ul>\n\t\t\t\t\t\t<\/div>\n\t\t\t\t<\/div>\n\t\t\t\t\t<\/div>\n\t\t<\/div>\n\t\t\t\t\t<\/div>\n\t\t<\/section>\n\t\t\t\t<section class=\"elementor-section elementor-top-section elementor-element elementor-element-3034ff0b elementor-section-height-min-height elementor-section-boxed elementor-section-height-default elementor-section-items-middle wpr-particle-no wpr-jarallax-no wpr-parallax-no wpr-sticky-section-no\" data-id=\"3034ff0b\" data-element_type=\"section\" data-settings=\"{&quot;background_background&quot;:&quot;classic&quot;}\">\n\t\t\t\t\t\t\t<div class=\"elementor-background-overlay\"><\/div>\n\t\t\t\t\t\t\t<div class=\"elementor-container elementor-column-gap-default\">\n\t\t\t\t\t<div class=\"elementor-column elementor-col-50 elementor-top-column elementor-element elementor-element-5eb22396 elementor-hidden-tablet elementor-hidden-mobile\" data-id=\"5eb22396\" data-element_type=\"column\">\n\t\t\t<div class=\"elementor-widget-wrap\">\n\t\t\t\t\t\t\t<\/div>\n\t\t<\/div>\n\t\t\t\t<div class=\"elementor-column elementor-col-50 elementor-top-column elementor-element elementor-element-33b96f00\" data-id=\"33b96f00\" data-element_type=\"column\">\n\t\t\t<div class=\"elementor-widget-wrap elementor-element-populated\">\n\t\t\t\t\t\t<div class=\"elementor-element elementor-element-7a3cdeb0 elementor-widget elementor-widget-heading\" data-id=\"7a3cdeb0\" data-element_type=\"widget\" data-widget_type=\"heading.default\">\n\t\t\t\t<div class=\"elementor-widget-container\">\n\t\t\t\t\t<h2 class=\"elementor-heading-title elementor-size-default\">Solu\u00e7\u00f5es para a ascens\u00e3o capilar<\/h2>\t\t\t\t<\/div>\n\t\t\t\t<\/div>\n\t\t\t\t<div class=\"elementor-element elementor-element-3cb5eeb9 elementor-widget-divider--view-line elementor-widget elementor-widget-divider\" data-id=\"3cb5eeb9\" data-element_type=\"widget\" data-widget_type=\"divider.default\">\n\t\t\t\t<div class=\"elementor-widget-container\">\n\t\t\t\t\t\t\t<div class=\"elementor-divider\">\n\t\t\t<span class=\"elementor-divider-separator\">\n\t\t\t\t\t\t<\/span>\n\t\t<\/div>\n\t\t\t\t\t\t<\/div>\n\t\t\t\t<\/div>\n\t\t\t\t<div class=\"elementor-element elementor-element-6e789a8b elementor-widget elementor-widget-text-editor\" data-id=\"6e789a8b\" data-element_type=\"widget\" data-widget_type=\"text-editor.default\">\n\t\t\t\t<div class=\"elementor-widget-container\">\n\t\t\t\t\t\t\t\t\t<p>Elimina permanentemente a humidade ascendente com o <strong>dispositivo <a href=\"https:\/\/humifin.es\/pt\/solucoes\/\">Humifin HS-221<\/a><\/strong>. Ao contr\u00e1rio das solu\u00e7\u00f5es tempor\u00e1rias, como os revestimentos ou as dispendiosas obras de constru\u00e7\u00e3o com barreiras f\u00edsicas, os nossos <strong>electro-osmose<\/strong> actua diretamente na origem do problema, impedindo que a \u00e1gua continue a subir pelas paredes. <strong>Recupere o conforto da sua casa, proteja a estrutura da sua casa e esque\u00e7a os danos est\u00e9ticos e os problemas de sa\u00fade.<\/strong> associado \u00e0 humidade.<\/p>\t\t\t\t\t\t\t\t<\/div>\n\t\t\t\t<\/div>\n\t\t\t\t<div class=\"elementor-element elementor-element-f93f5d9 wpr-button-icon-style-inline wpr-button-icon-position-right elementor-widget elementor-widget-wpr-button\" data-id=\"f93f5d9\" data-element_type=\"widget\" data-widget_type=\"wpr-button.default\">\n\t\t\t\t<div class=\"elementor-widget-container\">\n\t\t\t\t\t\t\n\t\t\t\n\t\t\n\t\t<div class=\"wpr-button-wrap elementor-clearfix\">\n\t\t<a class=\"wpr-button wpr-button-effect wpr-button-wayra-left\" data-text=\"\" href=\"https:\/\/humifin.es\/pt\/loja\/\">\n\t\t\t\n\t\t\t<span class=\"wpr-button-content\">\n\t\t\t\t\t\t\t\t\t<span class=\"wpr-button-text\">Consigue tu hs-221<\/span>\n\t\t\t\t\t\t\t\t\n\t\t\t\t\t\t\t\t\t<span class=\"wpr-button-icon\"><svg class=\"e-font-icon-svg e-fas-angle-right\" viewbox=\"0 0 256 512\" xmlns=\"http:\/\/www.w3.org\/2000\/svg\"><path d=\"M224.3 273l-136 136c-9.4 9.4-24.6 9.4-33.9 0l-22.6-22.6c-9.4-9.4-9.4-24.6 0-33.9l96.4-96.4-96.4-96.4c-9.4-9.4-9.4-24.6 0-33.9L54.3 103c9.4-9.4 24.6-9.4 33.9 0l136 136c9.5 9.4 9.5 24.6.1 34z\"><\/path><\/svg><\/span>\n\t\t\t\t\t\t\t<\/span>\n\t\t<\/a>\n\n\t\t\t\t<\/div>\n\t\n\t\n\t\t\t\t\t<\/div>\n\t\t\t\t<\/div>\n\t\t\t\t\t<\/div>\n\t\t<\/div>\n\t\t\t\t\t<\/div>\n\t\t<\/section>\n\t\t<div class=\"elementor-element elementor-element-0b82da2 e-flex e-con-boxed wpr-particle-no wpr-jarallax-no wpr-parallax-no wpr-sticky-section-no e-con e-parent\" data-id=\"0b82da2\" data-element_type=\"container\">\n\t\t\t\t\t<div class=\"e-con-inner\">\n\t\t\t\t<div class=\"elementor-element elementor-element-d5ee1ae elementor-widget elementor-widget-text-editor\" data-id=\"d5ee1ae\" data-element_type=\"widget\" data-widget_type=\"text-editor.default\">\n\t\t\t\t<div class=\"elementor-widget-container\">\n\t\t\t\t\t\t\t\t\t<h6>Tens d\u00favidas? <a href=\"https:\/\/humifin.es\/pt\/contactar-nos\/\"><strong>Contacte-nos em<\/strong> <\/a>e aconselhamo-lo<\/h6>\t\t\t\t\t\t\t\t<\/div>\n\t\t\t\t<\/div>\n\t\t\t\t\t<\/div>\n\t\t\t\t<\/div>\n\t\t\t\t<\/div>","protected":false},"excerpt":{"rendered":"<p>Las humedades en casa pueden surgir por diversas razones, desde filtraciones en el tejado hasta problemas en las tuber\u00edas. Sin embargo, si empiezas a notar manchas en la parte baja de las paredes, es posible que est\u00e9s frente a un caso de humedad por capilaridad.<\/p>","protected":false},"author":1,"featured_media":1472,"comment_status":"closed","ping_status":"open","sticky":false,"template":"elementor_header_footer","format":"standard","meta":{"_uag_custom_page_level_css":"","site-sidebar-layout":"default","site-content-layout":"","ast-site-content-layout":"default","site-content-style":"default","site-sidebar-style":"default","ast-global-header-display":"","ast-banner-title-visibility":"","ast-main-header-display":"","ast-hfb-above-header-display":"","ast-hfb-below-header-display":"","ast-hfb-mobile-header-display":"","site-post-title":"","ast-breadcrumbs-content":"","ast-featured-img":"","footer-sml-layout":"","ast-disable-related-posts":"","theme-transparent-header-meta":"","adv-header-id-meta":"","stick-header-meta":"","header-above-stick-meta":"","header-main-stick-meta":"","header-below-stick-meta":"","astra-migrate-meta-layouts":"set","ast-page-background-enabled":"default","ast-page-background-meta":{"desktop":{"background-color":"","background-image":"","background-repeat":"repeat","background-position":"center center","background-size":"auto","background-attachment":"scroll","background-type":"","background-media":"","overlay-type":"","overlay-color":"","overlay-opacity":"","overlay-gradient":""},"tablet":{"background-color":"","background-image":"","background-repeat":"repeat","background-position":"center center","background-size":"auto","background-attachment":"scroll","background-type":"","background-media":"","overlay-type":"","overlay-color":"","overlay-opacity":"","overlay-gradient":""},"mobile":{"background-color":"","background-image":"","background-repeat":"repeat","background-position":"center center","background-size":"auto","background-attachment":"scroll","background-type":"","background-media":"","overlay-type":"","overlay-color":"","overlay-opacity":"","overlay-gradient":""}},"ast-content-background-meta":{"desktop":{"background-color":"var(--ast-global-color-5)","background-image":"","background-repeat":"repeat","background-position":"center center","background-size":"auto","background-attachment":"scroll","background-type":"","background-media":"","overlay-type":"","overlay-color":"","overlay-opacity":"","overlay-gradient":""},"tablet":{"background-color":"var(--ast-global-color-5)","background-image":"","background-repeat":"repeat","background-position":"center center","background-size":"auto","background-attachment":"scroll","background-type":"","background-media":"","overlay-type":"","overlay-color":"","overlay-opacity":"","overlay-gradient":""},"mobile":{"background-color":"var(--ast-global-color-5)","background-image":"","background-repeat":"repeat","background-position":"center center","background-size":"auto","background-attachment":"scroll","background-type":"","background-media":"","overlay-type":"","overlay-color":"","overlay-opacity":"","overlay-gradient":""}},"footnotes":""},"categories":[32],"tags":[],"class_list":["post-1813","post","type-post","status-publish","format-standard","has-post-thumbnail","hentry","category-humedades"],"yoast_head":"<!-- This site is optimized with the Yoast SEO plugin v26.7 - https:\/\/yoast.com\/wordpress\/plugins\/seo\/ -->\n<title>\u00bfC\u00f3mo saber si tengo humedades por capilaridad en mi casa? - Humifin.es<\/title>\n<meta name=\"description\" content=\"Estos son los s\u00edntomas de que tienes humedades por capilaridad en casa y c\u00f3mo detectarlas antes de que empeoren.\" \/>\n<meta name=\"robots\" content=\"index, follow, max-snippet:-1, max-image-preview:large, max-video-preview:-1\" \/>\n<link rel=\"canonical\" href=\"https:\/\/humifin.es\/pt\/blogue\/como-saber-se-tenho-humidade-capilar\/\" \/>\n<meta property=\"og:locale\" content=\"pt_PT\" \/>\n<meta property=\"og:type\" content=\"article\" \/>\n<meta property=\"og:title\" content=\"\u00bfC\u00f3mo saber si tengo humedades por capilaridad en mi casa? - Humifin.es\" \/>\n<meta property=\"og:description\" content=\"Estos son los s\u00edntomas de que tienes humedades por capilaridad en casa y c\u00f3mo detectarlas antes de que empeoren.\" \/>\n<meta property=\"og:url\" content=\"\/pt\/blogue\/como-saber-se-tenho-humidade-capilar\/\" \/>\n<meta property=\"og:site_name\" content=\"Humifin.es\" \/>\n<meta property=\"article:publisher\" content=\"https:\/\/www.facebook.com\/people\/Humifin\/61566971507549\/\" \/>\n<meta property=\"article:published_time\" content=\"2025-02-03T17:02:28+00:00\" \/>\n<meta property=\"article:modified_time\" content=\"2025-10-17T13:00:15+00:00\" \/>\n<meta property=\"og:image\" content=\"https:\/\/humifin.es\/wp-content\/uploads\/2025\/01\/Humedad-capilaridad-pared-baja.webp\" \/>\n\t<meta property=\"og:image:width\" content=\"1024\" \/>\n\t<meta property=\"og:image:height\" content=\"1024\" \/>\n\t<meta property=\"og:image:type\" content=\"image\/webp\" \/>\n<meta name=\"author\" content=\"info@humifin.es\" \/>\n<meta name=\"twitter:card\" content=\"summary_large_image\" \/>\n<meta name=\"twitter:label1\" content=\"Escrito por\" \/>\n\t<meta name=\"twitter:data1\" content=\"info@humifin.es\" \/>\n\t<meta name=\"twitter:label2\" content=\"Tempo estimado de leitura\" \/>\n\t<meta name=\"twitter:data2\" content=\"3 minutos\" \/>\n<script type=\"application\/ld+json\" class=\"yoast-schema-graph\">{\"@context\":\"https:\/\/schema.org\",\"@graph\":[{\"@type\":\"Article\",\"@id\":\"https:\/\/humifin.es\/blog\/como-saber-si-tengo-humedades-por-capilaridad\/#article\",\"isPartOf\":{\"@id\":\"\/blog\/como-saber-si-tengo-humedades-por-capilaridad\/\"},\"author\":{\"name\":\"info@humifin.es\",\"@id\":\"https:\/\/humifin.es\/#\/schema\/person\/e6222cda2d8634f666a45b7846eed640\"},\"headline\":\"\u00bfC\u00f3mo saber si tengo humedades por capilaridad en mi casa?\",\"datePublished\":\"2025-02-03T17:02:28+00:00\",\"dateModified\":\"2025-10-17T13:00:15+00:00\",\"mainEntityOfPage\":{\"@id\":\"\/blog\/como-saber-si-tengo-humedades-por-capilaridad\/\"},\"wordCount\":557,\"publisher\":{\"@id\":\"https:\/\/humifin.es\/#organization\"},\"image\":{\"@id\":\"https:\/\/humifin.es\/blog\/como-saber-si-tengo-humedades-por-capilaridad\/#primaryimage\"},\"thumbnailUrl\":\"https:\/\/humifin.es\/wp-content\/uploads\/2025\/01\/Humedad-capilaridad-pared-baja.webp\",\"articleSection\":[\"Humedades\"],\"inLanguage\":\"pt-PT\"},{\"@type\":\"WebPage\",\"@id\":\"\/blog\/como-saber-si-tengo-humedades-por-capilaridad\/\",\"url\":\"https:\/\/humifin.es\/blog\/como-saber-si-tengo-humedades-por-capilaridad\/\",\"name\":\"\u00bfC\u00f3mo saber si tengo humedades por capilaridad en mi casa? - Humifin.es\",\"isPartOf\":{\"@id\":\"https:\/\/humifin.es\/#website\"},\"primaryImageOfPage\":{\"@id\":\"https:\/\/humifin.es\/blog\/como-saber-si-tengo-humedades-por-capilaridad\/#primaryimage\"},\"image\":{\"@id\":\"https:\/\/humifin.es\/blog\/como-saber-si-tengo-humedades-por-capilaridad\/#primaryimage\"},\"thumbnailUrl\":\"https:\/\/humifin.es\/wp-content\/uploads\/2025\/01\/Humedad-capilaridad-pared-baja.webp\",\"datePublished\":\"2025-02-03T17:02:28+00:00\",\"dateModified\":\"2025-10-17T13:00:15+00:00\",\"description\":\"Estos son los s\u00edntomas de que tienes humedades por capilaridad en casa y c\u00f3mo detectarlas antes de que empeoren.\",\"breadcrumb\":{\"@id\":\"https:\/\/humifin.es\/blog\/como-saber-si-tengo-humedades-por-capilaridad\/#breadcrumb\"},\"inLanguage\":\"pt-PT\",\"potentialAction\":[{\"@type\":\"ReadAction\",\"target\":[\"https:\/\/humifin.es\/blog\/como-saber-si-tengo-humedades-por-capilaridad\/\"]}]},{\"@type\":\"ImageObject\",\"inLanguage\":\"pt-PT\",\"@id\":\"https:\/\/humifin.es\/blog\/como-saber-si-tengo-humedades-por-capilaridad\/#primaryimage\",\"url\":\"https:\/\/humifin.es\/wp-content\/uploads\/2025\/01\/Humedad-capilaridad-pared-baja.webp\",\"contentUrl\":\"https:\/\/humifin.es\/wp-content\/uploads\/2025\/01\/Humedad-capilaridad-pared-baja.webp\",\"width\":1024,\"height\":1024},{\"@type\":\"BreadcrumbList\",\"@id\":\"https:\/\/humifin.es\/blog\/como-saber-si-tengo-humedades-por-capilaridad\/#breadcrumb\",\"itemListElement\":[{\"@type\":\"ListItem\",\"position\":1,\"name\":\"Portada\",\"item\":\"https:\/\/humifin.es\/\"},{\"@type\":\"ListItem\",\"position\":2,\"name\":\"\u00bfC\u00f3mo saber si tengo humedades por capilaridad en mi casa?\"}]},{\"@type\":\"WebSite\",\"@id\":\"https:\/\/humifin.es\/#website\",\"url\":\"https:\/\/humifin.es\/\",\"name\":\"Humifin\",\"description\":\"Empresa eliminar humedades capilares\",\"publisher\":{\"@id\":\"https:\/\/humifin.es\/#organization\"},\"alternateName\":\"Humifin\",\"potentialAction\":[{\"@type\":\"SearchAction\",\"target\":{\"@type\":\"EntryPoint\",\"urlTemplate\":\"https:\/\/humifin.es\/?s={search_term_string}\"},\"query-input\":{\"@type\":\"PropertyValueSpecification\",\"valueRequired\":true,\"valueName\":\"search_term_string\"}}],\"inLanguage\":\"pt-PT\"},{\"@type\":\"Organization\",\"@id\":\"https:\/\/humifin.es\/#organization\",\"name\":\"Humifin\",\"alternateName\":\"Humifin Soluciones Antihumedad\",\"url\":\"https:\/\/humifin.es\/\",\"logo\":{\"@type\":\"ImageObject\",\"inLanguage\":\"pt-PT\",\"@id\":\"https:\/\/humifin.es\/#\/schema\/logo\/image\/\",\"url\":\"https:\/\/humifin.es\/wp-content\/uploads\/2025\/01\/cropped-Logo-Humifin-1.avif\",\"contentUrl\":\"https:\/\/humifin.es\/wp-content\/uploads\/2025\/01\/cropped-Logo-Humifin-1.avif\",\"width\":700,\"height\":157,\"caption\":\"Humifin\"},\"image\":{\"@id\":\"https:\/\/humifin.es\/#\/schema\/logo\/image\/\"},\"sameAs\":[\"https:\/\/www.facebook.com\/people\/Humifin\/61566971507549\/\",\"https:\/\/www.linkedin.com\/company\/humifin\/\",\"https:\/\/www.instagram.com\/humifin.es\/\"]},{\"@type\":\"Person\",\"@id\":\"https:\/\/humifin.es\/#\/schema\/person\/e6222cda2d8634f666a45b7846eed640\",\"name\":\"info@humifin.es\",\"image\":{\"@type\":\"ImageObject\",\"inLanguage\":\"pt-PT\",\"@id\":\"https:\/\/humifin.es\/#\/schema\/person\/image\/\",\"url\":\"https:\/\/secure.gravatar.com\/avatar\/12471ad8ec76471a0d91f36f353bb2e5a3ff7f766cd118c9d424bc1fda256628?s=96&d=mm&r=g\",\"contentUrl\":\"https:\/\/secure.gravatar.com\/avatar\/12471ad8ec76471a0d91f36f353bb2e5a3ff7f766cd118c9d424bc1fda256628?s=96&d=mm&r=g\",\"caption\":\"info@humifin.es\"},\"sameAs\":[\"http:\/\/humifin.es\"]}]}<\/script>\n<!-- \/ Yoast SEO plugin. -->","yoast_head_json":{"title":"Como posso saber se tenho humidade ascendente na minha casa? - Humifin.pt","description":"Estes s\u00e3o os sinais de que tem humidade ascendente em sua casa e como detect\u00e1-la antes que se agrave.","robots":{"index":"index","follow":"follow","max-snippet":"max-snippet:-1","max-image-preview":"max-image-preview:large","max-video-preview":"max-video-preview:-1"},"canonical":"https:\/\/humifin.es\/pt\/blogue\/como-saber-se-tenho-humidade-capilar\/","og_locale":"pt_PT","og_type":"article","og_title":"\u00bfC\u00f3mo saber si tengo humedades por capilaridad en mi casa? - Humifin.es","og_description":"Estos son los s\u00edntomas de que tienes humedades por capilaridad en casa y c\u00f3mo detectarlas antes de que empeoren.","og_url":"\/pt\/blogue\/como-saber-se-tenho-humidade-capilar\/","og_site_name":"Humifin.es","article_publisher":"https:\/\/www.facebook.com\/people\/Humifin\/61566971507549\/","article_published_time":"2025-02-03T17:02:28+00:00","article_modified_time":"2025-10-17T13:00:15+00:00","og_image":[{"width":1024,"height":1024,"url":"https:\/\/humifin.es\/wp-content\/uploads\/2025\/01\/Humedad-capilaridad-pared-baja.webp","type":"image\/webp"}],"author":"info@humifin.es","twitter_card":"summary_large_image","twitter_misc":{"Escrito por":"info@humifin.es","Tempo estimado de leitura":"3 minutos"},"schema":{"@context":"https:\/\/schema.org","@graph":[{"@type":"Article","@id":"https:\/\/humifin.es\/blog\/como-saber-si-tengo-humedades-por-capilaridad\/#article","isPartOf":{"@id":"\/blog\/como-saber-si-tengo-humedades-por-capilaridad\/"},"author":{"name":"info@humifin.es","@id":"https:\/\/humifin.es\/#\/schema\/person\/e6222cda2d8634f666a45b7846eed640"},"headline":"\u00bfC\u00f3mo saber si tengo humedades por capilaridad en mi casa?","datePublished":"2025-02-03T17:02:28+00:00","dateModified":"2025-10-17T13:00:15+00:00","mainEntityOfPage":{"@id":"\/blog\/como-saber-si-tengo-humedades-por-capilaridad\/"},"wordCount":557,"publisher":{"@id":"https:\/\/humifin.es\/#organization"},"image":{"@id":"https:\/\/humifin.es\/blog\/como-saber-si-tengo-humedades-por-capilaridad\/#primaryimage"},"thumbnailUrl":"https:\/\/humifin.es\/wp-content\/uploads\/2025\/01\/Humedad-capilaridad-pared-baja.webp","articleSection":["Humedades"],"inLanguage":"pt-PT"},{"@type":"WebPage","@id":"\/blog\/como-saber-si-tengo-humedades-por-capilaridad\/","url":"https:\/\/humifin.es\/blog\/como-saber-si-tengo-humedades-por-capilaridad\/","name":"Como posso saber se tenho humidade ascendente na minha casa? - Humifin.pt","isPartOf":{"@id":"https:\/\/humifin.es\/#website"},"primaryImageOfPage":{"@id":"https:\/\/humifin.es\/blog\/como-saber-si-tengo-humedades-por-capilaridad\/#primaryimage"},"image":{"@id":"https:\/\/humifin.es\/blog\/como-saber-si-tengo-humedades-por-capilaridad\/#primaryimage"},"thumbnailUrl":"https:\/\/humifin.es\/wp-content\/uploads\/2025\/01\/Humedad-capilaridad-pared-baja.webp","datePublished":"2025-02-03T17:02:28+00:00","dateModified":"2025-10-17T13:00:15+00:00","description":"Estes s\u00e3o os sinais de que tem humidade ascendente em sua casa e como detect\u00e1-la antes que se agrave.","breadcrumb":{"@id":"https:\/\/humifin.es\/blog\/como-saber-si-tengo-humedades-por-capilaridad\/#breadcrumb"},"inLanguage":"pt-PT","potentialAction":[{"@type":"ReadAction","target":["https:\/\/humifin.es\/blog\/como-saber-si-tengo-humedades-por-capilaridad\/"]}]},{"@type":"ImageObject","inLanguage":"pt-PT","@id":"https:\/\/humifin.es\/blog\/como-saber-si-tengo-humedades-por-capilaridad\/#primaryimage","url":"https:\/\/humifin.es\/wp-content\/uploads\/2025\/01\/Humedad-capilaridad-pared-baja.webp","contentUrl":"https:\/\/humifin.es\/wp-content\/uploads\/2025\/01\/Humedad-capilaridad-pared-baja.webp","width":1024,"height":1024},{"@type":"BreadcrumbList","@id":"https:\/\/humifin.es\/blog\/como-saber-si-tengo-humedades-por-capilaridad\/#breadcrumb","itemListElement":[{"@type":"ListItem","position":1,"name":"Portada","item":"https:\/\/humifin.es\/"},{"@type":"ListItem","position":2,"name":"\u00bfC\u00f3mo saber si tengo humedades por capilaridad en mi casa?"}]},{"@type":"WebSite","@id":"https:\/\/humifin.es\/#website","url":"https:\/\/humifin.es\/","name":"Humifin","description":"Empresa eliminar humedades capilares","publisher":{"@id":"https:\/\/humifin.es\/#organization"},"alternateName":"Humifin","potentialAction":[{"@type":"SearchAction","target":{"@type":"EntryPoint","urlTemplate":"https:\/\/humifin.es\/?s={search_term_string}"},"query-input":{"@type":"PropertyValueSpecification","valueRequired":true,"valueName":"search_term_string"}}],"inLanguage":"pt-PT"},{"@type":"Organization","@id":"https:\/\/humifin.es\/#organization","name":"Humifin","alternateName":"Humifin Soluciones Antihumedad","url":"https:\/\/humifin.es\/","logo":{"@type":"ImageObject","inLanguage":"pt-PT","@id":"https:\/\/humifin.es\/#\/schema\/logo\/image\/","url":"https:\/\/humifin.es\/wp-content\/uploads\/2025\/01\/cropped-Logo-Humifin-1.avif","contentUrl":"https:\/\/humifin.es\/wp-content\/uploads\/2025\/01\/cropped-Logo-Humifin-1.avif","width":700,"height":157,"caption":"Humifin"},"image":{"@id":"https:\/\/humifin.es\/#\/schema\/logo\/image\/"},"sameAs":["https:\/\/www.facebook.com\/people\/Humifin\/61566971507549\/","https:\/\/www.linkedin.com\/company\/humifin\/","https:\/\/www.instagram.com\/humifin.es\/"]},{"@type":"Person","@id":"https:\/\/humifin.es\/#\/schema\/person\/e6222cda2d8634f666a45b7846eed640","name":"info@humifin.es","image":{"@type":"ImageObject","inLanguage":"pt-PT","@id":"https:\/\/humifin.es\/#\/schema\/person\/image\/","url":"https:\/\/secure.gravatar.com\/avatar\/12471ad8ec76471a0d91f36f353bb2e5a3ff7f766cd118c9d424bc1fda256628?s=96&d=mm&r=g","contentUrl":"https:\/\/secure.gravatar.com\/avatar\/12471ad8ec76471a0d91f36f353bb2e5a3ff7f766cd118c9d424bc1fda256628?s=96&d=mm&r=g","caption":"info@humifin.es"},"sameAs":["http:\/\/humifin.es"]}]}},"uagb_featured_image_src":{"full":["https:\/\/humifin.es\/wp-content\/uploads\/2025\/01\/Humedad-capilaridad-pared-baja.webp",1024,1024,false],"thumbnail":["https:\/\/humifin.es\/wp-content\/uploads\/2025\/01\/Humedad-capilaridad-pared-baja-150x150.webp",150,150,true],"medium":["https:\/\/humifin.es\/wp-content\/uploads\/2025\/01\/Humedad-capilaridad-pared-baja-300x300.webp",300,300,true],"medium_large":["https:\/\/humifin.es\/wp-content\/uploads\/2025\/01\/Humedad-capilaridad-pared-baja-768x768.webp",768,768,true],"large":["https:\/\/humifin.es\/wp-content\/uploads\/2025\/01\/Humedad-capilaridad-pared-baja.webp",1024,1024,false],"1536x1536":["https:\/\/humifin.es\/wp-content\/uploads\/2025\/01\/Humedad-capilaridad-pared-baja.webp",1024,1024,false],"2048x2048":["https:\/\/humifin.es\/wp-content\/uploads\/2025\/01\/Humedad-capilaridad-pared-baja.webp",1024,1024,false],"trp-custom-language-flag":["https:\/\/humifin.es\/wp-content\/uploads\/2025\/01\/Humedad-capilaridad-pared-baja.webp",12,12,false],"woocommerce_thumbnail":["https:\/\/humifin.es\/wp-content\/uploads\/2025\/01\/Humedad-capilaridad-pared-baja-300x300.webp",300,300,true],"woocommerce_single":["https:\/\/humifin.es\/wp-content\/uploads\/2025\/01\/Humedad-capilaridad-pared-baja-600x600.webp",600,600,true],"woocommerce_gallery_thumbnail":["https:\/\/humifin.es\/wp-content\/uploads\/2025\/01\/Humedad-capilaridad-pared-baja-100x100.webp",100,100,true]},"uagb_author_info":{"display_name":"info@humifin.es","author_link":"https:\/\/humifin.es\/pt\/blog\/author\/infohumifin-es\/"},"uagb_comment_info":0,"uagb_excerpt":"Las humedades en casa pueden surgir por diversas razones, desde filtraciones en el tejado hasta problemas en las tuber\u00edas. Sin embargo, si empiezas a notar manchas en la parte baja de las paredes, es posible que est\u00e9s frente a un caso de humedad por capilaridad.","_links":{"self":[{"href":"https:\/\/humifin.es\/pt\/wp-json\/wp\/v2\/posts\/1813","targetHints":{"allow":["GET"]}}],"collection":[{"href":"https:\/\/humifin.es\/pt\/wp-json\/wp\/v2\/posts"}],"about":[{"href":"https:\/\/humifin.es\/pt\/wp-json\/wp\/v2\/types\/post"}],"author":[{"embeddable":true,"href":"https:\/\/humifin.es\/pt\/wp-json\/wp\/v2\/users\/1"}],"replies":[{"embeddable":true,"href":"https:\/\/humifin.es\/pt\/wp-json\/wp\/v2\/comments?post=1813"}],"version-history":[{"count":20,"href":"https:\/\/humifin.es\/pt\/wp-json\/wp\/v2\/posts\/1813\/revisions"}],"predecessor-version":[{"id":1870,"href":"https:\/\/humifin.es\/pt\/wp-json\/wp\/v2\/posts\/1813\/revisions\/1870"}],"wp:featuredmedia":[{"embeddable":true,"href":"https:\/\/humifin.es\/pt\/wp-json\/wp\/v2\/media\/1472"}],"wp:attachment":[{"href":"https:\/\/humifin.es\/pt\/wp-json\/wp\/v2\/media?parent=1813"}],"wp:term":[{"taxonomy":"category","embeddable":true,"href":"https:\/\/humifin.es\/pt\/wp-json\/wp\/v2\/categories?post=1813"},{"taxonomy":"post_tag","embeddable":true,"href":"https:\/\/humifin.es\/pt\/wp-json\/wp\/v2\/tags?post=1813"}],"curies":[{"name":"wp","href":"https:\/\/api.w.org\/{rel}","templated":true}]}}